{"id":216,"date":"2024-09-04T16:41:40","date_gmt":"2024-09-04T19:41:40","guid":{"rendered":"https:\/\/imaxima.com.br\/blog\/?p=216"},"modified":"2024-09-26T09:15:19","modified_gmt":"2024-09-26T12:15:19","slug":"servidor-de-voz-a-base-da-comunicacao-empresarial-moderna","status":"publish","type":"post","link":"https:\/\/imaxima.com.br\/blog\/2024\/09\/04\/servidor-de-voz-a-base-da-comunicacao-empresarial-moderna\/","title":{"rendered":"Servidor de Voz: A Base da Comunica\u00e7\u00e3o Empresarial Moderna"},"content":{"rendered":"\t\t<div data-elementor-type=\"wp-post\" data-elementor-id=\"216\" class=\"elementor elementor-216\" data-elementor-post-type=\"post\">\n\t\t\t\t<div class=\"elementor-element elementor-element-1048ab72 e-flex e-con-boxed e-con e-parent\" data-id=\"1048ab72\" data-element_type=\"container\">\n\t\t\t\t\t<div class=\"e-con-inner\">\n\t\t\t\t<div class=\"elementor-element elementor-element-2a30d7aa elementor-widget elementor-widget-text-editor\" data-id=\"2a30d7aa\" data-element_type=\"widget\" data-widget_type=\"text-editor.default\">\n\t\t\t\t<div class=\"elementor-widget-container\">\n\t\t\t\t\t\t\t<!-- wp:heading {\"level\":1} -->\n<h1 class=\"wp-block-heading\" id=\"h-introducao-ao-servidor-de-voz\">Introdu\u00e7\u00e3o ao Servidor de Voz<\/h1>\n<!-- \/wp:heading -->\n\n<!-- wp:paragraph -->\n<p>A comunica\u00e7\u00e3o eficiente sempre ser\u00e1 crucial para o sucesso. Com o avan\u00e7o da tecnologia, a forma como as empresas se comunicam internamente e com seus clientes mudou drasticamente. Um dos elementos centrais dessa transforma\u00e7\u00e3o \u00e9 o <a href=\"https:\/\/imaxima.com.br\/servidor-de-voz.html\" target=\"_blank\" rel=\"noreferrer noopener\">Servidor de Voz<\/a>. Mas o que exatamente \u00e9 um Servidor de Voz e como ele pode beneficiar sua empresa?<\/p>\n<!-- \/wp:paragraph -->\n\n<!-- wp:paragraph -->\n<p>Um Servidor de Voz \u00e9 uma solu\u00e7\u00e3o que permite a gest\u00e3o e o encaminhamento de chamadas telef\u00f4nicas dentro de uma organiza\u00e7\u00e3o. Diferente dos sistemas telef\u00f4nicos tradicionais, que dependem de uma infraestrutura f\u00edsica extensa e complexa, os Servidores de Voz operam principalmente atrav\u00e9s de software e podem ser integrados a redes de dados existentes, tornando-se uma solu\u00e7\u00e3o mais flex\u00edvel, escal\u00e1vel e econ\u00f4mica.<\/p>\n<!-- \/wp:paragraph -->\n\n<!-- wp:heading {\"level\":1} -->\n<h1 class=\"wp-block-heading\" id=\"h-tipos-de-servidores-de-voz-pabx-ip-pabx-e-cloud-pabx\">Tipos de Servidores de Voz: PABX, IP PABX, e Cloud PABX<\/h1>\n<!-- \/wp:heading -->\n\n<!-- wp:paragraph -->\n<p>Existem diferentes tipos de Servidores de Voz, cada um com suas caracter\u00edsticas e vantagens espec\u00edficas. Vamos explorar os principais:<\/p>\n<!-- \/wp:paragraph -->\n\n<!-- wp:heading -->\n<h2 class=\"wp-block-heading\" id=\"h-pabx-private-automatic-branch-exchange\">PABX (<em>Private Automatic Branch Exchange<\/em>):<\/h2>\n<!-- \/wp:heading -->\n\n<!-- wp:paragraph -->\n<p><strong>Descri\u00e7\u00e3o:<\/strong> O PABX (Troca de Ramal Autom\u00e1tica Privada) \u00e9 um sistema telef\u00f4nico tradicional usado para gerenciar chamadas telef\u00f4nicas internas e externas em uma empresa. Ele opera atrav\u00e9s de uma central f\u00edsica que conecta linhas telef\u00f4nicas a extens\u00f5es internas.<\/p>\n<!-- \/wp:paragraph -->\n\n<!-- wp:paragraph -->\n<p>Vantagens: Confi\u00e1vel, especialmente para empresas que ainda dependem de linhas telef\u00f4nicas anal\u00f3gicas.<\/p>\n<!-- \/wp:paragraph -->\n\n<!-- wp:paragraph -->\n<p>Desvantagens: Requer manuten\u00e7\u00e3o f\u00edsica, n\u00e3o \u00e9 facilmente escal\u00e1vel, e pode ser caro para implementar e manter.<\/p>\n<!-- \/wp:paragraph -->\n\n<!-- wp:heading -->\n<h2 class=\"wp-block-heading\" id=\"h-ip-pabx\">IP PABX:<\/h2>\n<!-- \/wp:heading -->\n\n<!-- wp:paragraph -->\n<p><strong>Descri\u00e7\u00e3o: <\/strong>O IP PABX \u00e9 a evolu\u00e7\u00e3o do PABX tradicional, utilizando a tecnologia VoIP (Voice over IP) para transmitir chamadas pela internet. Ele combina as funcionalidades do PBX tradicional com a flexibilidade da internet.<\/p>\n<!-- \/wp:paragraph -->\n\n<!-- wp:paragraph -->\n<p>Vantagens: Reduz custos de chamadas, \u00e9 mais flex\u00edvel e escal\u00e1vel, e pode integrar-se com outras aplica\u00e7\u00f5es de comunica\u00e7\u00e3o como videoconfer\u00eancias.<\/p>\n<!-- \/wp:paragraph -->\n\n<!-- wp:paragraph -->\n<p>Desvantagens: Depende da qualidade da conex\u00e3o de internet e pode exigir infraestrutura de rede adicional.<\/p>\n<!-- \/wp:paragraph -->\n\n<!-- wp:heading -->\n<h2 class=\"wp-block-heading\" id=\"h-cloud-pabx\">Cloud PABX:<\/h2>\n<!-- \/wp:heading -->\n\n<!-- wp:paragraph -->\n<p><strong>Descri\u00e7\u00e3o:<\/strong> O Cloud PABX \u00e9 uma solu\u00e7\u00e3o baseada em nuvem que oferece todas as funcionalidades de um IP PABX, mas sem a necessidade de hardware local. Toda a gest\u00e3o e manuten\u00e7\u00e3o s\u00e3o feitas por um provedor externo.<\/p>\n<!-- \/wp:paragraph -->\n\n<!-- wp:paragraph -->\n<p><strong>Vantagens:<\/strong> Custos iniciais reduzidos, f\u00e1cil de escalar, manuten\u00e7\u00e3o simplificada, e acess\u00edvel de qualquer lugar com conex\u00e3o \u00e0 internet.<\/p>\n<!-- \/wp:paragraph -->\n\n<!-- wp:paragraph -->\n<p><strong>Desvantagens: <\/strong>Depend\u00eancia total da conectividade com a internet e de fornecedores externos.<\/p>\n<!-- \/wp:paragraph -->\n\n<!-- wp:heading {\"level\":1} -->\n<h1 class=\"wp-block-heading\" id=\"h-beneficios-de-implementar-um-servidor-de-voz\">Benef\u00edcios de Implementar um Servidor de Voz<\/h1>\n<!-- \/wp:heading -->\n\n<!-- wp:paragraph -->\n<p>Implementar um <a href=\"https:\/\/servidordevoz.imaxima.com.br\/\" target=\"_blank\" rel=\"noreferrer noopener\">Servidor de Voz<\/a> pode trazer uma s\u00e9rie de benef\u00edcios para sua empresa, independentemente do tamanho ou setor de atua\u00e7\u00e3o:<\/p>\n<!-- \/wp:paragraph -->\n\n<!-- wp:paragraph -->\n<p><strong>Redu\u00e7\u00e3o de Custos:<\/strong> A principal vantagem dos Servidores de Voz, especialmente os que utilizam VoIP, \u00e9 a redu\u00e7\u00e3o significativa dos custos com chamadas, especialmente internacionais. Al\u00e9m disso, o custo de manuten\u00e7\u00e3o \u00e9 geralmente menor em compara\u00e7\u00e3o com sistemas tradicionais.<\/p>\n<!-- \/wp:paragraph -->\n\n<!-- wp:paragraph -->\n<p><strong>Escalabilidade:<\/strong> \u00c0 medida que sua empresa cresce, o sistema pode ser facilmente expandido para acomodar novas linhas e funcionalidades, sem a necessidade de investimentos significativos em infraestrutura.<\/p>\n<!-- \/wp:paragraph -->\n\n<!-- wp:paragraph -->\n<p><strong>Integra\u00e7\u00e3o com Outras Ferramentas: <\/strong>Os Servidores de Voz podem ser integrados com outras ferramentas de comunica\u00e7\u00e3o, como sistemas de CRM, e-mail, e videoconfer\u00eancia, criando um ambiente de comunica\u00e7\u00e3o unificado.<\/p>\n<!-- \/wp:paragraph -->\n\n<!-- wp:paragraph -->\n<p><strong>Flexibilidade e Mobilidade: <\/strong>Com a tecnologia VoIP, seus colaboradores podem fazer e receber chamadas de qualquer lugar do mundo, desde que tenham acesso \u00e0 internet. Isso \u00e9 particularmente \u00fatil para empresas com equipes remotas ou que operam em diferentes localidades.<\/p>\n<!-- \/wp:paragraph -->\n\n<!-- wp:paragraph -->\n<p><strong>Funcionalidades Avan\u00e7adas:<\/strong> Servidores de Voz modernos oferecem uma gama de funcionalidades avan\u00e7adas, como correio de voz, encaminhamento de chamadas, grava\u00e7\u00e3o de chamadas, e IVR (Interactive Voice Response), que podem melhorar a experi\u00eancia de atendimento ao cliente.<\/p>\n<!-- \/wp:paragraph -->\n\n<!-- wp:heading {\"level\":1} -->\n<h1 class=\"wp-block-heading\" id=\"h-como-escolher-o-servidor-de-voz-certo-para-sua-empresa\">Como Escolher o Servidor de Voz Certo para sua Empresa<\/h1>\n<!-- \/wp:heading -->\n\n<!-- wp:paragraph -->\n<p>A escolha do <a href=\"https:\/\/imaxima.com.br\/servidor-de-voz.html\" target=\"_blank\" rel=\"noreferrer noopener\">Servidor de Voz<\/a> ideal depende de v\u00e1rios fatores, como o tamanho da empresa, a infraestrutura existente, e as necessidades espec\u00edficas de comunica\u00e7\u00e3o. Aqui est\u00e3o alguns pontos a considerar:<\/p>\n<!-- \/wp:paragraph -->\n\n<!-- wp:paragraph -->\n<p><strong>Tamanho e Estrutura da Empresa: <\/strong>Empresas menores podem se beneficiar de uma solu\u00e7\u00e3o Cloud PBX devido aos baixos custos iniciais e \u00e0 facilidade de uso. J\u00e1 empresas maiores, com infraestrutura de TI mais robusta, podem optar por um IP PBX para maior controle e personaliza\u00e7\u00e3o.<\/p>\n<!-- \/wp:paragraph -->\n\n<!-- wp:paragraph -->\n<p><strong>Necessidades de Comunica\u00e7\u00e3o: <\/strong>Avalie se a empresa precisa de funcionalidades avan\u00e7adas como confer\u00eancias em \u00e1udio, integra\u00e7\u00e3o com CRM, ou atendimento autom\u00e1tico. Isso pode influenciar na escolha do tipo de Servidor de Voz.<\/p>\n<!-- \/wp:paragraph -->\n\n<!-- wp:paragraph -->\n<p><strong>Infraestrutura de TI:<\/strong> Verifique se a infraestrutura de TI existente suporta a implementa\u00e7\u00e3o de um Servidor de Voz, especialmente no caso de solu\u00e7\u00f5es IP PBX que dependem de uma rede de dados eficiente.<\/p>\n<!-- \/wp:paragraph -->\n\n<!-- wp:paragraph -->\n<p><strong>Or\u00e7amento: <\/strong>O or\u00e7amento dispon\u00edvel para implanta\u00e7\u00e3o e manuten\u00e7\u00e3o tamb\u00e9m \u00e9 um fator determinante. Cloud PBX geralmente requer menor investimento inicial, mas pode ter custos recorrentes que precisam ser considerados.<\/p>\n<!-- \/wp:paragraph -->\n\n<!-- wp:paragraph -->\n<p><strong>Seguran\u00e7a e Conformidade:<\/strong> Seguran\u00e7a \u00e9 uma considera\u00e7\u00e3o crucial, especialmente para empresas que lidam com informa\u00e7\u00f5es sens\u00edveis. Certifique-se de que o Servidor de Voz escolhido oferece criptografia de chamadas e conformidade com regulamenta\u00e7\u00f5es locais.<\/p>\n<!-- \/wp:paragraph -->\n\n<!-- wp:heading {\"level\":1} -->\n<h1 class=\"wp-block-heading\" id=\"h-integracao-com-sistemas-de-comunicacao-existentes\">Integra\u00e7\u00e3o com Sistemas de Comunica\u00e7\u00e3o Existentes<\/h1>\n<!-- \/wp:heading -->\n\n<!-- wp:paragraph -->\n<p>Integrar um novo <a href=\"https:\/\/servidordevoz.imaxima.com.br\/\" target=\"_blank\" rel=\"noreferrer noopener\">Servidor de Voz <\/a>aos sistemas de comunica\u00e7\u00e3o existentes \u00e9 uma etapa crucial para garantir uma transi\u00e7\u00e3o suave e uma opera\u00e7\u00e3o eficiente. Aqui est\u00e3o algumas dicas para uma integra\u00e7\u00e3o bem-sucedida:<\/p>\n<!-- \/wp:paragraph -->\n\n<!-- wp:paragraph -->\n<p><strong>Avalia\u00e7\u00e3o Pr\u00e9via: <\/strong>Fa\u00e7a uma auditoria completa dos sistemas de comunica\u00e7\u00e3o atuais para identificar quaisquer incompatibilidades ou necessidades de upgrade.<\/p>\n<!-- \/wp:paragraph -->\n\n<!-- wp:paragraph -->\n<p><strong>Planejamento Detalhado: <\/strong>Elabore um plano de integra\u00e7\u00e3o que cubra todas as etapas, desde a configura\u00e7\u00e3o inicial at\u00e9 os testes finais, garantindo que n\u00e3o haja interrup\u00e7\u00f5es no servi\u00e7o.<\/p>\n<!-- \/wp:paragraph -->\n\n<!-- wp:paragraph -->\n<p><strong>Treinamento da Equipe: <\/strong>Ofere\u00e7a treinamento adequado para que todos os funcion\u00e1rios saibam como utilizar o novo sistema de forma eficiente.<\/p>\n<!-- \/wp:paragraph -->\n\n<!-- wp:paragraph -->\n<p><strong>Testes e Ajustes: <\/strong>Realize testes rigorosos para identificar e corrigir quaisquer problemas antes do lan\u00e7amento oficial.<\/p>\n<!-- \/wp:paragraph -->\n\n<!-- wp:paragraph -->\n<p><strong>Suporte Cont\u00ednuo: <\/strong>Garanta que o suporte t\u00e9cnico esteja dispon\u00edvel para resolver quaisquer problemas que possam surgir durante e ap\u00f3s a integra\u00e7\u00e3o.<\/p>\n<!-- \/wp:paragraph -->\n\n<!-- wp:heading {\"level\":1} -->\n<h1 class=\"wp-block-heading\" id=\"h-manutencao-e-suporte-de-um-servidor-de-voz\">Manuten\u00e7\u00e3o e Suporte de um Servidor de Voz<\/h1>\n<!-- \/wp:heading -->\n\n<!-- wp:paragraph -->\n<p>Manter o bom funcionamento de um Servidor de Voz \u00e9 essencial para garantir a continuidade das opera\u00e7\u00f5es empresariais. Aqui est\u00e3o algumas pr\u00e1ticas recomendadas:<\/p>\n<!-- \/wp:paragraph -->\n\n<!-- wp:paragraph -->\n<p><strong>Monitoramento Constante:<\/strong> Utilize ferramentas de monitoramento para acompanhar a performance do Servidor de Voz e identificar poss\u00edveis problemas antes que eles afetem a opera\u00e7\u00e3o.<\/p>\n<!-- \/wp:paragraph -->\n\n<!-- wp:paragraph -->\n<p><strong>Atualiza\u00e7\u00f5es Regulares: <\/strong>Mantenha o software do Servidor de Voz sempre atualizado com os patches de seguran\u00e7a e melhorias mais recentes.<\/p>\n<!-- \/wp:paragraph -->\n\n<!-- wp:paragraph -->\n<p><strong>Backup e Recupera\u00e7\u00e3o: <\/strong>Implemente solu\u00e7\u00f5es de backup regular para evitar perda de dados em caso de falhas no sistema.<\/p>\n<!-- \/wp:paragraph -->\n\n<!-- wp:paragraph -->\n<p><strong>Apoio T\u00e9cnico Especializado:<\/strong> Tenha acesso a suporte t\u00e9cnico especializado, seja internamente ou atrav\u00e9s de fornecedores externos, para resolver problemas complexos rapidamente.<\/p>\n<!-- \/wp:paragraph -->\n\n<!-- wp:paragraph -->\n<p><strong>An\u00e1lise de Performance:<\/strong> Realize an\u00e1lises peri\u00f3dicas da performance do Servidor de Voz para identificar \u00e1reas de melhoria e garantir que o sistema continue a atender \u00e0s necessidades da empresa.<\/p>\n<!-- \/wp:paragraph -->\n\n<!-- wp:heading {\"level\":1} -->\n<h1 class=\"wp-block-heading\" id=\"h-conclusao\">Conclus\u00e3o<\/h1>\n<!-- \/wp:heading -->\n\n<!-- wp:paragraph -->\n<p>Implementar um Servidor de Voz pode ser um divisor de \u00e1guas na comunica\u00e7\u00e3o da sua empresa, proporcionando maior efici\u00eancia, flexibilidade, e redu\u00e7\u00e3o de custos. Ao entender as diferentes op\u00e7\u00f5es dispon\u00edveis e considerar cuidadosamente as necessidades da sua empresa, voc\u00ea pode escolher a solu\u00e7\u00e3o que melhor se adapta ao seu ambiente de neg\u00f3cios.<\/p>\n<!-- \/wp:paragraph -->\t\t\t\t\t\t<\/div>\n\t\t\t\t<\/div>\n\t\t\t\t\t<\/div>\n\t\t\t\t<\/div>\n\t\t\t\t<\/div>\n\t\t","protected":false},"excerpt":{"rendered":"Introdu\u00e7\u00e3o ao Servidor de Voz A comunica\u00e7\u00e3o eficiente sempre ser\u00e1 crucial para o sucesso. Com o avan\u00e7o da tecnologia, a forma como as \n<a class=\"moretag\" href=\"https:\/\/imaxima.com.br\/blog\/2024\/09\/04\/servidor-de-voz-a-base-da-comunicacao-empresarial-moderna\/\"> [...]<\/a>","protected":false},"author":1,"featured_media":217,"comment_status":"open","ping_status":"open","sticky":false,"template":"","format":"standard","meta":{"footnotes":""},"categories":[14],"tags":[],"class_list":["post-216","post","type-post","status-publish","format-standard","has-post-thumbnail","hentry","category-servidor-de-voz"],"yoast_head":"<!-- This site is optimized with the Yoast SEO Premium plugin v23.9 (Yoast SEO v23.9) - https:\/\/yoast.com\/wordpress\/plugins\/seo\/ -->\n<title>Servidor de Voz: A Base da Comunica\u00e7\u00e3o Empresarial Moderna - Blog IM\u00e1xima<\/title>\n<meta name=\"robots\" content=\"index, follow, max-snippet:-1, max-image-preview:large, max-video-preview:-1\" \/>\n<link rel=\"canonical\" href=\"https:\/\/imaxima.com.br\/blog\/2024\/09\/04\/servidor-de-voz-a-base-da-comunicacao-empresarial-moderna\/\" \/>\n<meta property=\"og:locale\" content=\"pt_BR\" \/>\n<meta property=\"og:type\" content=\"article\" \/>\n<meta property=\"og:title\" content=\"Servidor de Voz: A Base da Comunica\u00e7\u00e3o Empresarial Moderna\" \/>\n<meta property=\"og:description\" content=\"Introdu\u00e7\u00e3o ao Servidor de Voz A comunica\u00e7\u00e3o eficiente sempre ser\u00e1 crucial para o sucesso. Com o avan\u00e7o da tecnologia, a forma como as\" \/>\n<meta property=\"og:url\" content=\"https:\/\/imaxima.com.br\/blog\/2024\/09\/04\/servidor-de-voz-a-base-da-comunicacao-empresarial-moderna\/\" \/>\n<meta property=\"og:site_name\" content=\"Blog IM\u00e1xima\" \/>\n<meta property=\"article:publisher\" content=\"https:\/\/www.facebook.com\/imaximaOFICIAL\" \/>\n<meta property=\"article:published_time\" content=\"2024-09-04T19:41:40+00:00\" \/>\n<meta property=\"article:modified_time\" content=\"2024-09-26T12:15:19+00:00\" \/>\n<meta property=\"og:image\" content=\"https:\/\/imaxima.com.br\/blog\/wp-content\/uploads\/2024\/09\/serfidor-de-voz.webp\" \/>\n\t<meta property=\"og:image:width\" content=\"1600\" \/>\n\t<meta property=\"og:image:height\" content=\"900\" \/>\n\t<meta property=\"og:image:type\" content=\"image\/webp\" \/>\n<meta name=\"author\" content=\"Celso Mendelez\" \/>\n<meta name=\"twitter:card\" content=\"summary_large_image\" \/>\n<meta name=\"twitter:label1\" content=\"Escrito por\" \/>\n\t<meta name=\"twitter:data1\" content=\"Celso Mendelez\" \/>\n\t<meta name=\"twitter:label2\" content=\"Est. tempo de leitura\" \/>\n\t<meta name=\"twitter:data2\" content=\"7 minutos\" \/>\n<script type=\"application\/ld+json\" class=\"yoast-schema-graph\">{\"@context\":\"https:\/\/schema.org\",\"@graph\":[{\"@type\":\"Article\",\"@id\":\"https:\/\/imaxima.com.br\/blog\/2024\/09\/04\/servidor-de-voz-a-base-da-comunicacao-empresarial-moderna\/#article\",\"isPartOf\":{\"@id\":\"https:\/\/imaxima.com.br\/blog\/2024\/09\/04\/servidor-de-voz-a-base-da-comunicacao-empresarial-moderna\/\"},\"author\":{\"name\":\"Celso Mendelez\",\"@id\":\"https:\/\/imaxima.com.br\/blog\/#\/schema\/person\/6a4447b3db903b764e2caf8b54872f27\"},\"headline\":\"Servidor de Voz: A Base da Comunica\u00e7\u00e3o Empresarial Moderna\",\"datePublished\":\"2024-09-04T19:41:40+00:00\",\"dateModified\":\"2024-09-26T12:15:19+00:00\",\"mainEntityOfPage\":{\"@id\":\"https:\/\/imaxima.com.br\/blog\/2024\/09\/04\/servidor-de-voz-a-base-da-comunicacao-empresarial-moderna\/\"},\"wordCount\":1243,\"commentCount\":0,\"publisher\":{\"@id\":\"https:\/\/imaxima.com.br\/blog\/#organization\"},\"image\":{\"@id\":\"https:\/\/imaxima.com.br\/blog\/2024\/09\/04\/servidor-de-voz-a-base-da-comunicacao-empresarial-moderna\/#primaryimage\"},\"thumbnailUrl\":\"https:\/\/imaxima.com.br\/blog\/wp-content\/uploads\/2024\/09\/serfidor-de-voz.webp\",\"articleSection\":[\"Servidor de Voz\"],\"inLanguage\":\"pt-BR\",\"potentialAction\":[{\"@type\":\"CommentAction\",\"name\":\"Comment\",\"target\":[\"https:\/\/imaxima.com.br\/blog\/2024\/09\/04\/servidor-de-voz-a-base-da-comunicacao-empresarial-moderna\/#respond\"]}]},{\"@type\":\"WebPage\",\"@id\":\"https:\/\/imaxima.com.br\/blog\/2024\/09\/04\/servidor-de-voz-a-base-da-comunicacao-empresarial-moderna\/\",\"url\":\"https:\/\/imaxima.com.br\/blog\/2024\/09\/04\/servidor-de-voz-a-base-da-comunicacao-empresarial-moderna\/\",\"name\":\"Servidor de Voz: A Base da Comunica\u00e7\u00e3o Empresarial Moderna - Blog IM\u00e1xima\",\"isPartOf\":{\"@id\":\"https:\/\/imaxima.com.br\/blog\/#website\"},\"primaryImageOfPage\":{\"@id\":\"https:\/\/imaxima.com.br\/blog\/2024\/09\/04\/servidor-de-voz-a-base-da-comunicacao-empresarial-moderna\/#primaryimage\"},\"image\":{\"@id\":\"https:\/\/imaxima.com.br\/blog\/2024\/09\/04\/servidor-de-voz-a-base-da-comunicacao-empresarial-moderna\/#primaryimage\"},\"thumbnailUrl\":\"https:\/\/imaxima.com.br\/blog\/wp-content\/uploads\/2024\/09\/serfidor-de-voz.webp\",\"datePublished\":\"2024-09-04T19:41:40+00:00\",\"dateModified\":\"2024-09-26T12:15:19+00:00\",\"breadcrumb\":{\"@id\":\"https:\/\/imaxima.com.br\/blog\/2024\/09\/04\/servidor-de-voz-a-base-da-comunicacao-empresarial-moderna\/#breadcrumb\"},\"inLanguage\":\"pt-BR\",\"potentialAction\":[{\"@type\":\"ReadAction\",\"target\":[\"https:\/\/imaxima.com.br\/blog\/2024\/09\/04\/servidor-de-voz-a-base-da-comunicacao-empresarial-moderna\/\"]}]},{\"@type\":\"ImageObject\",\"inLanguage\":\"pt-BR\",\"@id\":\"https:\/\/imaxima.com.br\/blog\/2024\/09\/04\/servidor-de-voz-a-base-da-comunicacao-empresarial-moderna\/#primaryimage\",\"url\":\"https:\/\/imaxima.com.br\/blog\/wp-content\/uploads\/2024\/09\/serfidor-de-voz.webp\",\"contentUrl\":\"https:\/\/imaxima.com.br\/blog\/wp-content\/uploads\/2024\/09\/serfidor-de-voz.webp\",\"width\":1600,\"height\":900,\"caption\":\"Servidor de Voz\"},{\"@type\":\"BreadcrumbList\",\"@id\":\"https:\/\/imaxima.com.br\/blog\/2024\/09\/04\/servidor-de-voz-a-base-da-comunicacao-empresarial-moderna\/#breadcrumb\",\"itemListElement\":[{\"@type\":\"ListItem\",\"position\":1,\"name\":\"In\u00edcio\",\"item\":\"https:\/\/imaxima.com.br\/blog\/\"},{\"@type\":\"ListItem\",\"position\":2,\"name\":\"Servidor de Voz: A Base da Comunica\u00e7\u00e3o Empresarial Moderna\"}]},{\"@type\":\"WebSite\",\"@id\":\"https:\/\/imaxima.com.br\/blog\/#website\",\"url\":\"https:\/\/imaxima.com.br\/blog\/\",\"name\":\"Blog IM\u00e1xima\",\"description\":\"Blog IM\u00e1xima\",\"publisher\":{\"@id\":\"https:\/\/imaxima.com.br\/blog\/#organization\"},\"potentialAction\":[{\"@type\":\"SearchAction\",\"target\":{\"@type\":\"EntryPoint\",\"urlTemplate\":\"https:\/\/imaxima.com.br\/blog\/?s={search_term_string}\"},\"query-input\":{\"@type\":\"PropertyValueSpecification\",\"valueRequired\":true,\"valueName\":\"search_term_string\"}}],\"inLanguage\":\"pt-BR\"},{\"@type\":\"Organization\",\"@id\":\"https:\/\/imaxima.com.br\/blog\/#organization\",\"name\":\"Blog IM\u00e1xima\",\"url\":\"https:\/\/imaxima.com.br\/blog\/\",\"logo\":{\"@type\":\"ImageObject\",\"inLanguage\":\"pt-BR\",\"@id\":\"https:\/\/imaxima.com.br\/blog\/#\/schema\/logo\/image\/\",\"url\":\"https:\/\/imaxima.com.br\/blog\/wp-content\/uploads\/2024\/09\/Logo-blog-imaxima_03-2.png\",\"contentUrl\":\"https:\/\/imaxima.com.br\/blog\/wp-content\/uploads\/2024\/09\/Logo-blog-imaxima_03-2.png\",\"width\":350,\"height\":170,\"caption\":\"Blog IM\u00e1xima\"},\"image\":{\"@id\":\"https:\/\/imaxima.com.br\/blog\/#\/schema\/logo\/image\/\"},\"sameAs\":[\"https:\/\/www.facebook.com\/imaximaOFICIAL\",\"https:\/\/www.instagram.com\/imaximaOFICIAL\"],\"publishingPrinciples\":\"https:\/\/imaxima.com.br\/blog\/politica-de-privacidade\/\"},{\"@type\":\"Person\",\"@id\":\"https:\/\/imaxima.com.br\/blog\/#\/schema\/person\/6a4447b3db903b764e2caf8b54872f27\",\"name\":\"Celso Mendelez\",\"description\":\"Ol\u00e1! Eu sou Celso Mendelez, o criador do blog \u201cTud\u00e3o Web\u201d. Desde muito jovem, sempre fui fascinado pelo mundo digital e por todas as possibilidades que a internet proporciona. Foi essa paix\u00e3o que me motivou a criar o \u201cTud\u00e3o Web\u201d e compartilhar meu conhecimento e entusiasmo com outras pessoas. Com uma forma\u00e7\u00e3o em tecnologia da informa\u00e7\u00e3o e uma vasta experi\u00eancia no universo online, decidi canalizar meu conhecimento e minha curiosidade em um blog abrangente. Acredito que a internet \u00e9 uma ferramenta incr\u00edvel que pode nos conectar, informar e inspirar de maneiras inimagin\u00e1veis.\",\"sameAs\":[\"https:\/\/imaxima.com.br\/blog\"],\"url\":\"https:\/\/imaxima.com.br\/blog\/author\/webtudao\/\"}]}<\/script>\n<!-- \/ Yoast SEO Premium plugin. -->","yoast_head_json":{"title":"Servidor de Voz: A Base da Comunica\u00e7\u00e3o Empresarial Moderna - Blog IM\u00e1xima","robots":{"index":"index","follow":"follow","max-snippet":"max-snippet:-1","max-image-preview":"max-image-preview:large","max-video-preview":"max-video-preview:-1"},"canonical":"https:\/\/imaxima.com.br\/blog\/2024\/09\/04\/servidor-de-voz-a-base-da-comunicacao-empresarial-moderna\/","og_locale":"pt_BR","og_type":"article","og_title":"Servidor de Voz: A Base da Comunica\u00e7\u00e3o Empresarial Moderna","og_description":"Introdu\u00e7\u00e3o ao Servidor de Voz A comunica\u00e7\u00e3o eficiente sempre ser\u00e1 crucial para o sucesso. Com o avan\u00e7o da tecnologia, a forma como as","og_url":"https:\/\/imaxima.com.br\/blog\/2024\/09\/04\/servidor-de-voz-a-base-da-comunicacao-empresarial-moderna\/","og_site_name":"Blog IM\u00e1xima","article_publisher":"https:\/\/www.facebook.com\/imaximaOFICIAL","article_published_time":"2024-09-04T19:41:40+00:00","article_modified_time":"2024-09-26T12:15:19+00:00","og_image":[{"width":1600,"height":900,"url":"https:\/\/imaxima.com.br\/blog\/wp-content\/uploads\/2024\/09\/serfidor-de-voz.webp","type":"image\/webp"}],"author":"Celso Mendelez","twitter_card":"summary_large_image","twitter_misc":{"Escrito por":"Celso Mendelez","Est. tempo de leitura":"7 minutos"},"schema":{"@context":"https:\/\/schema.org","@graph":[{"@type":"Article","@id":"https:\/\/imaxima.com.br\/blog\/2024\/09\/04\/servidor-de-voz-a-base-da-comunicacao-empresarial-moderna\/#article","isPartOf":{"@id":"https:\/\/imaxima.com.br\/blog\/2024\/09\/04\/servidor-de-voz-a-base-da-comunicacao-empresarial-moderna\/"},"author":{"name":"Celso Mendelez","@id":"https:\/\/imaxima.com.br\/blog\/#\/schema\/person\/6a4447b3db903b764e2caf8b54872f27"},"headline":"Servidor de Voz: A Base da Comunica\u00e7\u00e3o Empresarial Moderna","datePublished":"2024-09-04T19:41:40+00:00","dateModified":"2024-09-26T12:15:19+00:00","mainEntityOfPage":{"@id":"https:\/\/imaxima.com.br\/blog\/2024\/09\/04\/servidor-de-voz-a-base-da-comunicacao-empresarial-moderna\/"},"wordCount":1243,"commentCount":0,"publisher":{"@id":"https:\/\/imaxima.com.br\/blog\/#organization"},"image":{"@id":"https:\/\/imaxima.com.br\/blog\/2024\/09\/04\/servidor-de-voz-a-base-da-comunicacao-empresarial-moderna\/#primaryimage"},"thumbnailUrl":"https:\/\/imaxima.com.br\/blog\/wp-content\/uploads\/2024\/09\/serfidor-de-voz.webp","articleSection":["Servidor de Voz"],"inLanguage":"pt-BR","potentialAction":[{"@type":"CommentAction","name":"Comment","target":["https:\/\/imaxima.com.br\/blog\/2024\/09\/04\/servidor-de-voz-a-base-da-comunicacao-empresarial-moderna\/#respond"]}]},{"@type":"WebPage","@id":"https:\/\/imaxima.com.br\/blog\/2024\/09\/04\/servidor-de-voz-a-base-da-comunicacao-empresarial-moderna\/","url":"https:\/\/imaxima.com.br\/blog\/2024\/09\/04\/servidor-de-voz-a-base-da-comunicacao-empresarial-moderna\/","name":"Servidor de Voz: A Base da Comunica\u00e7\u00e3o Empresarial Moderna - Blog IM\u00e1xima","isPartOf":{"@id":"https:\/\/imaxima.com.br\/blog\/#website"},"primaryImageOfPage":{"@id":"https:\/\/imaxima.com.br\/blog\/2024\/09\/04\/servidor-de-voz-a-base-da-comunicacao-empresarial-moderna\/#primaryimage"},"image":{"@id":"https:\/\/imaxima.com.br\/blog\/2024\/09\/04\/servidor-de-voz-a-base-da-comunicacao-empresarial-moderna\/#primaryimage"},"thumbnailUrl":"https:\/\/imaxima.com.br\/blog\/wp-content\/uploads\/2024\/09\/serfidor-de-voz.webp","datePublished":"2024-09-04T19:41:40+00:00","dateModified":"2024-09-26T12:15:19+00:00","breadcrumb":{"@id":"https:\/\/imaxima.com.br\/blog\/2024\/09\/04\/servidor-de-voz-a-base-da-comunicacao-empresarial-moderna\/#breadcrumb"},"inLanguage":"pt-BR","potentialAction":[{"@type":"ReadAction","target":["https:\/\/imaxima.com.br\/blog\/2024\/09\/04\/servidor-de-voz-a-base-da-comunicacao-empresarial-moderna\/"]}]},{"@type":"ImageObject","inLanguage":"pt-BR","@id":"https:\/\/imaxima.com.br\/blog\/2024\/09\/04\/servidor-de-voz-a-base-da-comunicacao-empresarial-moderna\/#primaryimage","url":"https:\/\/imaxima.com.br\/blog\/wp-content\/uploads\/2024\/09\/serfidor-de-voz.webp","contentUrl":"https:\/\/imaxima.com.br\/blog\/wp-content\/uploads\/2024\/09\/serfidor-de-voz.webp","width":1600,"height":900,"caption":"Servidor de Voz"},{"@type":"BreadcrumbList","@id":"https:\/\/imaxima.com.br\/blog\/2024\/09\/04\/servidor-de-voz-a-base-da-comunicacao-empresarial-moderna\/#breadcrumb","itemListElement":[{"@type":"ListItem","position":1,"name":"In\u00edcio","item":"https:\/\/imaxima.com.br\/blog\/"},{"@type":"ListItem","position":2,"name":"Servidor de Voz: A Base da Comunica\u00e7\u00e3o Empresarial Moderna"}]},{"@type":"WebSite","@id":"https:\/\/imaxima.com.br\/blog\/#website","url":"https:\/\/imaxima.com.br\/blog\/","name":"Blog IM\u00e1xima","description":"Blog IM\u00e1xima","publisher":{"@id":"https:\/\/imaxima.com.br\/blog\/#organization"},"potentialAction":[{"@type":"SearchAction","target":{"@type":"EntryPoint","urlTemplate":"https:\/\/imaxima.com.br\/blog\/?s={search_term_string}"},"query-input":{"@type":"PropertyValueSpecification","valueRequired":true,"valueName":"search_term_string"}}],"inLanguage":"pt-BR"},{"@type":"Organization","@id":"https:\/\/imaxima.com.br\/blog\/#organization","name":"Blog IM\u00e1xima","url":"https:\/\/imaxima.com.br\/blog\/","logo":{"@type":"ImageObject","inLanguage":"pt-BR","@id":"https:\/\/imaxima.com.br\/blog\/#\/schema\/logo\/image\/","url":"https:\/\/imaxima.com.br\/blog\/wp-content\/uploads\/2024\/09\/Logo-blog-imaxima_03-2.png","contentUrl":"https:\/\/imaxima.com.br\/blog\/wp-content\/uploads\/2024\/09\/Logo-blog-imaxima_03-2.png","width":350,"height":170,"caption":"Blog IM\u00e1xima"},"image":{"@id":"https:\/\/imaxima.com.br\/blog\/#\/schema\/logo\/image\/"},"sameAs":["https:\/\/www.facebook.com\/imaximaOFICIAL","https:\/\/www.instagram.com\/imaximaOFICIAL"],"publishingPrinciples":"https:\/\/imaxima.com.br\/blog\/politica-de-privacidade\/"},{"@type":"Person","@id":"https:\/\/imaxima.com.br\/blog\/#\/schema\/person\/6a4447b3db903b764e2caf8b54872f27","name":"Celso Mendelez","description":"Ol\u00e1! Eu sou Celso Mendelez, o criador do blog \u201cTud\u00e3o Web\u201d. Desde muito jovem, sempre fui fascinado pelo mundo digital e por todas as possibilidades que a internet proporciona. Foi essa paix\u00e3o que me motivou a criar o \u201cTud\u00e3o Web\u201d e compartilhar meu conhecimento e entusiasmo com outras pessoas. Com uma forma\u00e7\u00e3o em tecnologia da informa\u00e7\u00e3o e uma vasta experi\u00eancia no universo online, decidi canalizar meu conhecimento e minha curiosidade em um blog abrangente. Acredito que a internet \u00e9 uma ferramenta incr\u00edvel que pode nos conectar, informar e inspirar de maneiras inimagin\u00e1veis.","sameAs":["https:\/\/imaxima.com.br\/blog"],"url":"https:\/\/imaxima.com.br\/blog\/author\/webtudao\/"}]}},"_links":{"self":[{"href":"https:\/\/imaxima.com.br\/blog\/wp-json\/wp\/v2\/posts\/216","targetHints":{"allow":["GET"]}}],"collection":[{"href":"https:\/\/imaxima.com.br\/blog\/wp-json\/wp\/v2\/posts"}],"about":[{"href":"https:\/\/imaxima.com.br\/blog\/wp-json\/wp\/v2\/types\/post"}],"author":[{"embeddable":true,"href":"https:\/\/imaxima.com.br\/blog\/wp-json\/wp\/v2\/users\/1"}],"replies":[{"embeddable":true,"href":"https:\/\/imaxima.com.br\/blog\/wp-json\/wp\/v2\/comments?post=216"}],"version-history":[{"count":7,"href":"https:\/\/imaxima.com.br\/blog\/wp-json\/wp\/v2\/posts\/216\/revisions"}],"predecessor-version":[{"id":274,"href":"https:\/\/imaxima.com.br\/blog\/wp-json\/wp\/v2\/posts\/216\/revisions\/274"}],"wp:featuredmedia":[{"embeddable":true,"href":"https:\/\/imaxima.com.br\/blog\/wp-json\/wp\/v2\/media\/217"}],"wp:attachment":[{"href":"https:\/\/imaxima.com.br\/blog\/wp-json\/wp\/v2\/media?parent=216"}],"wp:term":[{"taxonomy":"category","embeddable":true,"href":"https:\/\/imaxima.com.br\/blog\/wp-json\/wp\/v2\/categories?post=216"},{"taxonomy":"post_tag","embeddable":true,"href":"https:\/\/imaxima.com.br\/blog\/wp-json\/wp\/v2\/tags?post=216"}],"curies":[{"name":"wp","href":"https:\/\/api.w.org\/{rel}","templated":true}]}}