{"id":258,"date":"2024-09-26T18:31:50","date_gmt":"2024-09-26T21:31:50","guid":{"rendered":"https:\/\/imaxima.com.br\/blog\/?p=258"},"modified":"2025-03-13T19:23:12","modified_gmt":"2025-03-13T22:23:12","slug":"diferencas-entre-servidor-local-e-servidor-em-nuvem-qual-e-o-ideal-para-sua-empresa","status":"publish","type":"post","link":"https:\/\/imaxima.com.br\/blog\/2024\/09\/26\/diferencas-entre-servidor-local-e-servidor-em-nuvem-qual-e-o-ideal-para-sua-empresa\/","title":{"rendered":"Diferen\u00e7as entre Servidor Local e Servidor em Nuvem: Qual \u00e9 o Ideal para sua Empresa?"},"content":{"rendered":"\t\t<div data-elementor-type=\"wp-post\" data-elementor-id=\"258\" class=\"elementor elementor-258\" data-elementor-post-type=\"post\">\n\t\t\t\t<div class=\"elementor-element elementor-element-189dfd3f e-flex e-con-boxed e-con e-parent\" data-id=\"189dfd3f\" data-element_type=\"container\">\n\t\t\t\t\t<div class=\"e-con-inner\">\n\t\t\t\t<div class=\"elementor-element elementor-element-5694cc6a elementor-widget elementor-widget-text-editor\" data-id=\"5694cc6a\" data-element_type=\"widget\" data-widget_type=\"text-editor.default\">\n\t\t\t\t<div class=\"elementor-widget-container\">\n\t\t\t\t\t\t\t<h1>Diferen\u00e7as Entre Servidor Local e Servidor em Nuvem: Qual \u00e9 o Ideal para sua Empresa?<\/h1><h2>Escolhendo entre Servidor Local e Servidor em Nuvem: A decis\u00e3o certa para sua empresa<\/h2><h4>Introdu\u00e7\u00e3o<\/h4><p>Ao planejar a infraestrutura tecnol\u00f3gica da sua empresa, <strong>uma das decis\u00f5es mais importantes<\/strong> \u00e9 escolher entre um servidor local e um servidor em nuvem. Ambas as op\u00e7\u00f5es possuem vantagens e desvantagens, <strong>e, portanto<\/strong>, a escolha certa depende das necessidades espec\u00edficas do seu neg\u00f3cio. Neste artigo, vamos explorar as diferen\u00e7as entre essas duas solu\u00e7\u00f5es e <strong>mostrar<\/strong> como elas podem impactar a efici\u00eancia, seguran\u00e7a e custos da sua opera\u00e7\u00e3o.<\/p><h4>O Que \u00e9 um Servidor Local?<\/h4><p>Um <strong>servidor local<\/strong>, tamb\u00e9m conhecido como servidor f\u00edsico, \u00e9 um equipamento instalado dentro da empresa. Ele \u00e9 respons\u00e1vel por armazenar dados, rodar aplicativos e gerenciar a comunica\u00e7\u00e3o interna. <strong>Geralmente<\/strong>, essa solu\u00e7\u00e3o \u00e9 recomendada para empresas que possuem uma equipe de TI robusta, <strong>capaz de<\/strong> gerenciar o equipamento.<\/p><h4>Principais Vantagens do Servidor Local<\/h4><ol><li><strong>Controle Total<\/strong>: O servidor est\u00e1 fisicamente presente na empresa, o que oferece controle total sobre o acesso f\u00edsico e os dados armazenados.<\/li><li><strong>Personaliza\u00e7\u00e3o<\/strong>: Al\u00e9m disso, voc\u00ea pode configurar o servidor de acordo com as necessidades espec\u00edficas do seu neg\u00f3cio, ajustando o armazenamento e os protocolos de seguran\u00e7a conforme necess\u00e1rio.<\/li><li><strong>Velocidade de Acesso Local<\/strong>: Para usu\u00e1rios internos, o acesso aos dados e aplicativos pode ser significativamente mais r\u00e1pido, <strong>j\u00e1 que<\/strong> n\u00e3o depende da internet.<\/li><\/ol><h4>Desvantagens do Servidor Local<\/h4><ol><li><strong>Custo Inicial Alto<\/strong>: No entanto, o investimento inicial em hardware, instala\u00e7\u00e3o e manuten\u00e7\u00e3o de um servidor local pode ser significativo.<\/li><li><strong>Manuten\u00e7\u00e3o Complexa<\/strong>: Al\u00e9m disso, a equipe de TI precisa estar sempre dispon\u00edvel para resolver problemas t\u00e9cnicos, o que aumenta os custos operacionais.<\/li><li><strong>Escalabilidade Limitada<\/strong>: Conforme sua empresa cresce, novos servidores f\u00edsicos podem ser necess\u00e1rios, resultando em mais custo e espa\u00e7o.<\/li><\/ol><h4>O Que \u00e9 um Servidor em Nuvem?<\/h4><p>Diferentemente do servidor local, um <strong>servidor em nuvem<\/strong> utiliza uma infraestrutura virtual, fornecida por um provedor de servi\u00e7os via internet. Com ele, os dados e aplicativos podem ser acessados de qualquer lugar, <strong>desde que<\/strong> haja uma conex\u00e3o \u00e0 internet, <strong>o que<\/strong> o torna uma solu\u00e7\u00e3o popular para empresas modernas.<\/p><h4>Principais Vantagens do Servidor em Nuvem<\/h4><ol><li><strong>Escalabilidade<\/strong>: A capacidade do servidor em nuvem pode ser ajustada rapidamente, conforme as necessidades da empresa mudam, <strong>sem<\/strong> a necessidade de grandes investimentos em hardware.<\/li><li><strong>Acessibilidade Remota<\/strong>: Al\u00e9m disso, funcion\u00e1rios podem acessar dados e aplicativos de qualquer lugar, facilitando o trabalho remoto e a colabora\u00e7\u00e3o entre equipes.<\/li><li><strong>Redu\u00e7\u00e3o de Custos Iniciais<\/strong>: Em vez de gastar em equipamentos caros, a empresa paga uma assinatura mensal ou anual, <strong>o que<\/strong> reduz o custo inicial e converte o CAPEX em OPEX.<\/li><\/ol><h4>Desvantagens do Servidor em Nuvem<\/h4><ol><li><strong>Depend\u00eancia da Internet<\/strong>: Entretanto, o acesso ao servidor em nuvem depende de uma conex\u00e3o est\u00e1vel \u00e0 internet. Quedas de conex\u00e3o podem comprometer o acesso aos dados.<\/li><li><strong>Controle Limitado<\/strong>: Como a infraestrutura \u00e9 gerenciada por um provedor externo, a empresa tem menos controle sobre a seguran\u00e7a e o gerenciamento do servidor.<\/li><li><strong>Custos de Longo Prazo<\/strong>: Embora os custos iniciais sejam menores, a assinatura cont\u00ednua pode se tornar significativa com o tempo, especialmente para empresas com necessidades crescentes.<\/li><\/ol><h4>Quando Escolher o Servidor Local?<\/h4><p>Empresas que possuem uma equipe interna de TI e precisam de controle total sobre seus dados <strong>geralmente<\/strong> optam pelo servidor local. <strong>Esse tipo de solu\u00e7\u00e3o<\/strong> \u00e9 ideal para neg\u00f3cios que exigem personaliza\u00e7\u00e3o completa da infraestrutura, como escrit\u00f3rios de advocacia ou institui\u00e7\u00f5es financeiras que lidam com dados altamente sens\u00edveis.<\/p><h4>Quando Optar pelo Servidor em Nuvem?<\/h4><p>Se a sua empresa valoriza <strong>mais<\/strong> flexibilidade e escalabilidade, o servidor em nuvem \u00e9 a melhor escolha. Ele permite aumentar ou reduzir a capacidade conforme necess\u00e1rio, al\u00e9m de facilitar o trabalho remoto. <strong>Assim<\/strong>, pequenas e m\u00e9dias empresas, ou neg\u00f3cios em crescimento, podem se beneficiar enormemente da acessibilidade e do custo inicial reduzido.<\/p><h3>Servi\u00e7os da IM\u00e1xima e a Integra\u00e7\u00e3o com Servidores<\/h3><p>Agora que voc\u00ea conhece as principais diferen\u00e7as entre um servidor local e um servidor em nuvem, <strong>\u00e9 fundamental<\/strong> considerar como esses servidores podem ser complementados por servi\u00e7os da IM\u00e1xima, como Links Dedicados, Lan to Lan via R\u00e1dio ou Fibra \u00d3tica, e o Servidor de Voz IP.<\/p><h4>1. Link Dedicado para Servidores Locais<\/h4><p>Servidores locais se beneficiam <strong>imensamente<\/strong> de um <strong>Link Dedicado<\/strong>, pois esse tipo de conex\u00e3o oferece alta estabilidade e velocidade, essenciais para manter o servidor operando de forma eficiente. A estabilidade reduz interrup\u00e7\u00f5es, o que \u00e9 <strong>crucial<\/strong> para empresas que utilizam servidores locais para opera\u00e7\u00f5es cr\u00edticas.<\/p><h4>2. Link Privado e Servidores em Nuvem<\/h4><p>Empresas que utilizam servidores em nuvem podem usar um <strong>Link Privado<\/strong> para garantir uma comunica\u00e7\u00e3o segura e r\u00e1pida entre suas filiais e o servidor. O Link Privado cria uma rede exclusiva, protegendo a transfer\u00eancia de dados contra ataques cibern\u00e9ticos e garantindo a privacidade das informa\u00e7\u00f5es.<\/p><h4>3. Servidor de Voz e Sistema Telef\u00f4nico IP<\/h4><p>Se sua empresa utiliza servidores, tanto locais quanto em nuvem, para gerenciar a comunica\u00e7\u00e3o interna, o <strong>Servidor de Voz<\/strong> e o <strong>Sistema Telef\u00f4nico IP<\/strong> da IM\u00e1xima s\u00e3o solu\u00e7\u00f5es integradas que otimizam a comunica\u00e7\u00e3o corporativa. Esses sistemas utilizam os dados armazenados no servidor para gerenciar as chamadas entre departamentos e filiais de forma eficiente.<\/p><h3>Conclus\u00e3o<\/h3><p>A escolha entre um servidor local e um servidor em nuvem depende das necessidades espec\u00edficas da sua empresa, considerando fatores como controle, escalabilidade, custo e seguran\u00e7a. Ambas as solu\u00e7\u00f5es oferecem vantagens distintas, <strong>portanto<\/strong>, cabe \u00e0 sua empresa decidir qual atende melhor \u00e0s suas demandas. Al\u00e9m disso, a integra\u00e7\u00e3o com servi\u00e7os como Link Dedicado, Link Privado e Servidor de Voz da IM\u00e1xima pode potencializar ainda mais a efici\u00eancia da sua infraestrutura tecnol\u00f3gica.<\/p><p>Independentemente da escolha, investir em uma infraestrutura de servidores robusta \u00e9 <strong>essencial<\/strong> para o sucesso das opera\u00e7\u00f5es digitais da sua empresa.<\/p>\t\t\t\t\t\t<\/div>\n\t\t\t\t<\/div>\n\t\t\t\t\t<\/div>\n\t\t\t\t<\/div>\n\t\t\t\t<\/div>\n\t\t","protected":false},"excerpt":{"rendered":"Diferen\u00e7as Entre Servidor Local e Servidor em Nuvem: Qual \u00e9 o Ideal para sua Empresa? Escolhendo entre Servidor Local e Servidor em Nuvem: \n<a class=\"moretag\" href=\"https:\/\/imaxima.com.br\/blog\/2024\/09\/26\/diferencas-entre-servidor-local-e-servidor-em-nuvem-qual-e-o-ideal-para-sua-empresa\/\"> [...]<\/a>","protected":false},"author":1,"featured_media":279,"comment_status":"closed","ping_status":"open","sticky":false,"template":"","format":"standard","meta":{"footnotes":""},"categories":[14],"tags":[],"class_list":["post-258","post","type-post","status-publish","format-standard","has-post-thumbnail","hentry","category-servidor-de-voz"],"yoast_head":"<!-- This site is optimized with the Yoast SEO Premium plugin v23.9 (Yoast SEO v23.9) - https:\/\/yoast.com\/wordpress\/plugins\/seo\/ -->\n<title>Diferen\u00e7as entre Servidor Local e Servidor em Nuvem<\/title>\n<meta name=\"description\" content=\"Com o avan\u00e7o da tecnologia, o termo Big Data tornou-se cada vez mais comum no mundo dos neg\u00f3cios. Mas o que exatamente \u00e9 Big Data?\" \/>\n<meta name=\"robots\" content=\"index, follow, max-snippet:-1, max-image-preview:large, max-video-preview:-1\" \/>\n<link rel=\"canonical\" href=\"https:\/\/imaxima.com.br\/blog\/2024\/09\/26\/diferencas-entre-servidor-local-e-servidor-em-nuvem-qual-e-o-ideal-para-sua-empresa\/\" \/>\n<meta property=\"og:locale\" content=\"pt_BR\" \/>\n<meta property=\"og:type\" content=\"article\" \/>\n<meta property=\"og:title\" content=\"Diferen\u00e7as entre Servidor Local e Servidor em Nuvem: Qual \u00e9 o Ideal para sua Empresa?\" \/>\n<meta property=\"og:description\" content=\"Com o avan\u00e7o da tecnologia, o termo Big Data tornou-se cada vez mais comum no mundo dos neg\u00f3cios. Mas o que exatamente \u00e9 Big Data?\" \/>\n<meta property=\"og:url\" content=\"https:\/\/imaxima.com.br\/blog\/2024\/09\/26\/diferencas-entre-servidor-local-e-servidor-em-nuvem-qual-e-o-ideal-para-sua-empresa\/\" \/>\n<meta property=\"og:site_name\" content=\"Blog IM\u00e1xima\" \/>\n<meta property=\"article:publisher\" content=\"https:\/\/www.facebook.com\/imaximaOFICIAL\" \/>\n<meta property=\"article:published_time\" content=\"2024-09-26T21:31:50+00:00\" \/>\n<meta property=\"article:modified_time\" content=\"2025-03-13T22:23:12+00:00\" \/>\n<meta property=\"og:image\" content=\"https:\/\/imaxima.com.br\/blog\/wp-content\/uploads\/2024\/09\/servidor-local-ou-servidor.png.webp\" \/>\n\t<meta property=\"og:image:width\" content=\"594\" \/>\n\t<meta property=\"og:image:height\" content=\"393\" \/>\n\t<meta property=\"og:image:type\" content=\"image\/webp\" \/>\n<meta name=\"author\" content=\"Celso Mendelez\" \/>\n<meta name=\"twitter:card\" content=\"summary_large_image\" \/>\n<meta name=\"twitter:label1\" content=\"Escrito por\" \/>\n\t<meta name=\"twitter:data1\" content=\"Celso Mendelez\" \/>\n\t<meta name=\"twitter:label2\" content=\"Est. tempo de leitura\" \/>\n\t<meta name=\"twitter:data2\" content=\"6 minutos\" \/>\n<script type=\"application\/ld+json\" class=\"yoast-schema-graph\">{\"@context\":\"https:\/\/schema.org\",\"@graph\":[{\"@type\":\"Article\",\"@id\":\"https:\/\/imaxima.com.br\/blog\/2024\/09\/26\/diferencas-entre-servidor-local-e-servidor-em-nuvem-qual-e-o-ideal-para-sua-empresa\/#article\",\"isPartOf\":{\"@id\":\"https:\/\/imaxima.com.br\/blog\/2024\/09\/26\/diferencas-entre-servidor-local-e-servidor-em-nuvem-qual-e-o-ideal-para-sua-empresa\/\"},\"author\":{\"name\":\"Celso Mendelez\",\"@id\":\"https:\/\/imaxima.com.br\/blog\/#\/schema\/person\/6a4447b3db903b764e2caf8b54872f27\"},\"headline\":\"Diferen\u00e7as entre Servidor Local e Servidor em Nuvem: Qual \u00e9 o Ideal para sua Empresa?\",\"datePublished\":\"2024-09-26T21:31:50+00:00\",\"dateModified\":\"2025-03-13T22:23:12+00:00\",\"mainEntityOfPage\":{\"@id\":\"https:\/\/imaxima.com.br\/blog\/2024\/09\/26\/diferencas-entre-servidor-local-e-servidor-em-nuvem-qual-e-o-ideal-para-sua-empresa\/\"},\"wordCount\":1025,\"publisher\":{\"@id\":\"https:\/\/imaxima.com.br\/blog\/#organization\"},\"image\":{\"@id\":\"https:\/\/imaxima.com.br\/blog\/2024\/09\/26\/diferencas-entre-servidor-local-e-servidor-em-nuvem-qual-e-o-ideal-para-sua-empresa\/#primaryimage\"},\"thumbnailUrl\":\"https:\/\/imaxima.com.br\/blog\/wp-content\/uploads\/2024\/09\/servidor-local-ou-servidor.png.webp\",\"articleSection\":[\"Servidor de Voz\"],\"inLanguage\":\"pt-BR\"},{\"@type\":\"WebPage\",\"@id\":\"https:\/\/imaxima.com.br\/blog\/2024\/09\/26\/diferencas-entre-servidor-local-e-servidor-em-nuvem-qual-e-o-ideal-para-sua-empresa\/\",\"url\":\"https:\/\/imaxima.com.br\/blog\/2024\/09\/26\/diferencas-entre-servidor-local-e-servidor-em-nuvem-qual-e-o-ideal-para-sua-empresa\/\",\"name\":\"Diferen\u00e7as entre Servidor Local e Servidor em Nuvem\",\"isPartOf\":{\"@id\":\"https:\/\/imaxima.com.br\/blog\/#website\"},\"primaryImageOfPage\":{\"@id\":\"https:\/\/imaxima.com.br\/blog\/2024\/09\/26\/diferencas-entre-servidor-local-e-servidor-em-nuvem-qual-e-o-ideal-para-sua-empresa\/#primaryimage\"},\"image\":{\"@id\":\"https:\/\/imaxima.com.br\/blog\/2024\/09\/26\/diferencas-entre-servidor-local-e-servidor-em-nuvem-qual-e-o-ideal-para-sua-empresa\/#primaryimage\"},\"thumbnailUrl\":\"https:\/\/imaxima.com.br\/blog\/wp-content\/uploads\/2024\/09\/servidor-local-ou-servidor.png.webp\",\"datePublished\":\"2024-09-26T21:31:50+00:00\",\"dateModified\":\"2025-03-13T22:23:12+00:00\",\"description\":\"Com o avan\u00e7o da tecnologia, o termo Big Data tornou-se cada vez mais comum no mundo dos neg\u00f3cios. Mas o que exatamente \u00e9 Big Data?\",\"breadcrumb\":{\"@id\":\"https:\/\/imaxima.com.br\/blog\/2024\/09\/26\/diferencas-entre-servidor-local-e-servidor-em-nuvem-qual-e-o-ideal-para-sua-empresa\/#breadcrumb\"},\"inLanguage\":\"pt-BR\",\"potentialAction\":[{\"@type\":\"ReadAction\",\"target\":[\"https:\/\/imaxima.com.br\/blog\/2024\/09\/26\/diferencas-entre-servidor-local-e-servidor-em-nuvem-qual-e-o-ideal-para-sua-empresa\/\"]}]},{\"@type\":\"ImageObject\",\"inLanguage\":\"pt-BR\",\"@id\":\"https:\/\/imaxima.com.br\/blog\/2024\/09\/26\/diferencas-entre-servidor-local-e-servidor-em-nuvem-qual-e-o-ideal-para-sua-empresa\/#primaryimage\",\"url\":\"https:\/\/imaxima.com.br\/blog\/wp-content\/uploads\/2024\/09\/servidor-local-ou-servidor.png.webp\",\"contentUrl\":\"https:\/\/imaxima.com.br\/blog\/wp-content\/uploads\/2024\/09\/servidor-local-ou-servidor.png.webp\",\"width\":594,\"height\":393,\"caption\":\"Servidor Local e Servidor em Nuvem\"},{\"@type\":\"BreadcrumbList\",\"@id\":\"https:\/\/imaxima.com.br\/blog\/2024\/09\/26\/diferencas-entre-servidor-local-e-servidor-em-nuvem-qual-e-o-ideal-para-sua-empresa\/#breadcrumb\",\"itemListElement\":[{\"@type\":\"ListItem\",\"position\":1,\"name\":\"In\u00edcio\",\"item\":\"https:\/\/imaxima.com.br\/blog\/\"},{\"@type\":\"ListItem\",\"position\":2,\"name\":\"Diferen\u00e7as entre Servidor Local e Servidor em Nuvem: Qual \u00e9 o Ideal para sua Empresa?\"}]},{\"@type\":\"WebSite\",\"@id\":\"https:\/\/imaxima.com.br\/blog\/#website\",\"url\":\"https:\/\/imaxima.com.br\/blog\/\",\"name\":\"Blog IM\u00e1xima\",\"description\":\"Blog IM\u00e1xima\",\"publisher\":{\"@id\":\"https:\/\/imaxima.com.br\/blog\/#organization\"},\"potentialAction\":[{\"@type\":\"SearchAction\",\"target\":{\"@type\":\"EntryPoint\",\"urlTemplate\":\"https:\/\/imaxima.com.br\/blog\/?s={search_term_string}\"},\"query-input\":{\"@type\":\"PropertyValueSpecification\",\"valueRequired\":true,\"valueName\":\"search_term_string\"}}],\"inLanguage\":\"pt-BR\"},{\"@type\":\"Organization\",\"@id\":\"https:\/\/imaxima.com.br\/blog\/#organization\",\"name\":\"Blog IM\u00e1xima\",\"url\":\"https:\/\/imaxima.com.br\/blog\/\",\"logo\":{\"@type\":\"ImageObject\",\"inLanguage\":\"pt-BR\",\"@id\":\"https:\/\/imaxima.com.br\/blog\/#\/schema\/logo\/image\/\",\"url\":\"https:\/\/imaxima.com.br\/blog\/wp-content\/uploads\/2024\/09\/Logo-blog-imaxima_03-2.png\",\"contentUrl\":\"https:\/\/imaxima.com.br\/blog\/wp-content\/uploads\/2024\/09\/Logo-blog-imaxima_03-2.png\",\"width\":350,\"height\":170,\"caption\":\"Blog IM\u00e1xima\"},\"image\":{\"@id\":\"https:\/\/imaxima.com.br\/blog\/#\/schema\/logo\/image\/\"},\"sameAs\":[\"https:\/\/www.facebook.com\/imaximaOFICIAL\",\"https:\/\/www.instagram.com\/imaximaOFICIAL\"],\"publishingPrinciples\":\"https:\/\/imaxima.com.br\/blog\/politica-de-privacidade\/\"},{\"@type\":\"Person\",\"@id\":\"https:\/\/imaxima.com.br\/blog\/#\/schema\/person\/6a4447b3db903b764e2caf8b54872f27\",\"name\":\"Celso Mendelez\",\"description\":\"Ol\u00e1! Eu sou Celso Mendelez, o criador do blog \u201cTud\u00e3o Web\u201d. Desde muito jovem, sempre fui fascinado pelo mundo digital e por todas as possibilidades que a internet proporciona. Foi essa paix\u00e3o que me motivou a criar o \u201cTud\u00e3o Web\u201d e compartilhar meu conhecimento e entusiasmo com outras pessoas. Com uma forma\u00e7\u00e3o em tecnologia da informa\u00e7\u00e3o e uma vasta experi\u00eancia no universo online, decidi canalizar meu conhecimento e minha curiosidade em um blog abrangente. Acredito que a internet \u00e9 uma ferramenta incr\u00edvel que pode nos conectar, informar e inspirar de maneiras inimagin\u00e1veis.\",\"sameAs\":[\"https:\/\/imaxima.com.br\/blog\"],\"url\":\"https:\/\/imaxima.com.br\/blog\/author\/webtudao\/\"}]}<\/script>\n<!-- \/ Yoast SEO Premium plugin. -->","yoast_head_json":{"title":"Diferen\u00e7as entre Servidor Local e Servidor em Nuvem","description":"Com o avan\u00e7o da tecnologia, o termo Big Data tornou-se cada vez mais comum no mundo dos neg\u00f3cios. Mas o que exatamente \u00e9 Big Data?","robots":{"index":"index","follow":"follow","max-snippet":"max-snippet:-1","max-image-preview":"max-image-preview:large","max-video-preview":"max-video-preview:-1"},"canonical":"https:\/\/imaxima.com.br\/blog\/2024\/09\/26\/diferencas-entre-servidor-local-e-servidor-em-nuvem-qual-e-o-ideal-para-sua-empresa\/","og_locale":"pt_BR","og_type":"article","og_title":"Diferen\u00e7as entre Servidor Local e Servidor em Nuvem: Qual \u00e9 o Ideal para sua Empresa?","og_description":"Com o avan\u00e7o da tecnologia, o termo Big Data tornou-se cada vez mais comum no mundo dos neg\u00f3cios. Mas o que exatamente \u00e9 Big Data?","og_url":"https:\/\/imaxima.com.br\/blog\/2024\/09\/26\/diferencas-entre-servidor-local-e-servidor-em-nuvem-qual-e-o-ideal-para-sua-empresa\/","og_site_name":"Blog IM\u00e1xima","article_publisher":"https:\/\/www.facebook.com\/imaximaOFICIAL","article_published_time":"2024-09-26T21:31:50+00:00","article_modified_time":"2025-03-13T22:23:12+00:00","og_image":[{"width":594,"height":393,"url":"https:\/\/imaxima.com.br\/blog\/wp-content\/uploads\/2024\/09\/servidor-local-ou-servidor.png.webp","type":"image\/webp"}],"author":"Celso Mendelez","twitter_card":"summary_large_image","twitter_misc":{"Escrito por":"Celso Mendelez","Est. tempo de leitura":"6 minutos"},"schema":{"@context":"https:\/\/schema.org","@graph":[{"@type":"Article","@id":"https:\/\/imaxima.com.br\/blog\/2024\/09\/26\/diferencas-entre-servidor-local-e-servidor-em-nuvem-qual-e-o-ideal-para-sua-empresa\/#article","isPartOf":{"@id":"https:\/\/imaxima.com.br\/blog\/2024\/09\/26\/diferencas-entre-servidor-local-e-servidor-em-nuvem-qual-e-o-ideal-para-sua-empresa\/"},"author":{"name":"Celso Mendelez","@id":"https:\/\/imaxima.com.br\/blog\/#\/schema\/person\/6a4447b3db903b764e2caf8b54872f27"},"headline":"Diferen\u00e7as entre Servidor Local e Servidor em Nuvem: Qual \u00e9 o Ideal para sua Empresa?","datePublished":"2024-09-26T21:31:50+00:00","dateModified":"2025-03-13T22:23:12+00:00","mainEntityOfPage":{"@id":"https:\/\/imaxima.com.br\/blog\/2024\/09\/26\/diferencas-entre-servidor-local-e-servidor-em-nuvem-qual-e-o-ideal-para-sua-empresa\/"},"wordCount":1025,"publisher":{"@id":"https:\/\/imaxima.com.br\/blog\/#organization"},"image":{"@id":"https:\/\/imaxima.com.br\/blog\/2024\/09\/26\/diferencas-entre-servidor-local-e-servidor-em-nuvem-qual-e-o-ideal-para-sua-empresa\/#primaryimage"},"thumbnailUrl":"https:\/\/imaxima.com.br\/blog\/wp-content\/uploads\/2024\/09\/servidor-local-ou-servidor.png.webp","articleSection":["Servidor de Voz"],"inLanguage":"pt-BR"},{"@type":"WebPage","@id":"https:\/\/imaxima.com.br\/blog\/2024\/09\/26\/diferencas-entre-servidor-local-e-servidor-em-nuvem-qual-e-o-ideal-para-sua-empresa\/","url":"https:\/\/imaxima.com.br\/blog\/2024\/09\/26\/diferencas-entre-servidor-local-e-servidor-em-nuvem-qual-e-o-ideal-para-sua-empresa\/","name":"Diferen\u00e7as entre Servidor Local e Servidor em Nuvem","isPartOf":{"@id":"https:\/\/imaxima.com.br\/blog\/#website"},"primaryImageOfPage":{"@id":"https:\/\/imaxima.com.br\/blog\/2024\/09\/26\/diferencas-entre-servidor-local-e-servidor-em-nuvem-qual-e-o-ideal-para-sua-empresa\/#primaryimage"},"image":{"@id":"https:\/\/imaxima.com.br\/blog\/2024\/09\/26\/diferencas-entre-servidor-local-e-servidor-em-nuvem-qual-e-o-ideal-para-sua-empresa\/#primaryimage"},"thumbnailUrl":"https:\/\/imaxima.com.br\/blog\/wp-content\/uploads\/2024\/09\/servidor-local-ou-servidor.png.webp","datePublished":"2024-09-26T21:31:50+00:00","dateModified":"2025-03-13T22:23:12+00:00","description":"Com o avan\u00e7o da tecnologia, o termo Big Data tornou-se cada vez mais comum no mundo dos neg\u00f3cios. Mas o que exatamente \u00e9 Big Data?","breadcrumb":{"@id":"https:\/\/imaxima.com.br\/blog\/2024\/09\/26\/diferencas-entre-servidor-local-e-servidor-em-nuvem-qual-e-o-ideal-para-sua-empresa\/#breadcrumb"},"inLanguage":"pt-BR","potentialAction":[{"@type":"ReadAction","target":["https:\/\/imaxima.com.br\/blog\/2024\/09\/26\/diferencas-entre-servidor-local-e-servidor-em-nuvem-qual-e-o-ideal-para-sua-empresa\/"]}]},{"@type":"ImageObject","inLanguage":"pt-BR","@id":"https:\/\/imaxima.com.br\/blog\/2024\/09\/26\/diferencas-entre-servidor-local-e-servidor-em-nuvem-qual-e-o-ideal-para-sua-empresa\/#primaryimage","url":"https:\/\/imaxima.com.br\/blog\/wp-content\/uploads\/2024\/09\/servidor-local-ou-servidor.png.webp","contentUrl":"https:\/\/imaxima.com.br\/blog\/wp-content\/uploads\/2024\/09\/servidor-local-ou-servidor.png.webp","width":594,"height":393,"caption":"Servidor Local e Servidor em Nuvem"},{"@type":"BreadcrumbList","@id":"https:\/\/imaxima.com.br\/blog\/2024\/09\/26\/diferencas-entre-servidor-local-e-servidor-em-nuvem-qual-e-o-ideal-para-sua-empresa\/#breadcrumb","itemListElement":[{"@type":"ListItem","position":1,"name":"In\u00edcio","item":"https:\/\/imaxima.com.br\/blog\/"},{"@type":"ListItem","position":2,"name":"Diferen\u00e7as entre Servidor Local e Servidor em Nuvem: Qual \u00e9 o Ideal para sua Empresa?"}]},{"@type":"WebSite","@id":"https:\/\/imaxima.com.br\/blog\/#website","url":"https:\/\/imaxima.com.br\/blog\/","name":"Blog IM\u00e1xima","description":"Blog IM\u00e1xima","publisher":{"@id":"https:\/\/imaxima.com.br\/blog\/#organization"},"potentialAction":[{"@type":"SearchAction","target":{"@type":"EntryPoint","urlTemplate":"https:\/\/imaxima.com.br\/blog\/?s={search_term_string}"},"query-input":{"@type":"PropertyValueSpecification","valueRequired":true,"valueName":"search_term_string"}}],"inLanguage":"pt-BR"},{"@type":"Organization","@id":"https:\/\/imaxima.com.br\/blog\/#organization","name":"Blog IM\u00e1xima","url":"https:\/\/imaxima.com.br\/blog\/","logo":{"@type":"ImageObject","inLanguage":"pt-BR","@id":"https:\/\/imaxima.com.br\/blog\/#\/schema\/logo\/image\/","url":"https:\/\/imaxima.com.br\/blog\/wp-content\/uploads\/2024\/09\/Logo-blog-imaxima_03-2.png","contentUrl":"https:\/\/imaxima.com.br\/blog\/wp-content\/uploads\/2024\/09\/Logo-blog-imaxima_03-2.png","width":350,"height":170,"caption":"Blog IM\u00e1xima"},"image":{"@id":"https:\/\/imaxima.com.br\/blog\/#\/schema\/logo\/image\/"},"sameAs":["https:\/\/www.facebook.com\/imaximaOFICIAL","https:\/\/www.instagram.com\/imaximaOFICIAL"],"publishingPrinciples":"https:\/\/imaxima.com.br\/blog\/politica-de-privacidade\/"},{"@type":"Person","@id":"https:\/\/imaxima.com.br\/blog\/#\/schema\/person\/6a4447b3db903b764e2caf8b54872f27","name":"Celso Mendelez","description":"Ol\u00e1! Eu sou Celso Mendelez, o criador do blog \u201cTud\u00e3o Web\u201d. Desde muito jovem, sempre fui fascinado pelo mundo digital e por todas as possibilidades que a internet proporciona. Foi essa paix\u00e3o que me motivou a criar o \u201cTud\u00e3o Web\u201d e compartilhar meu conhecimento e entusiasmo com outras pessoas. Com uma forma\u00e7\u00e3o em tecnologia da informa\u00e7\u00e3o e uma vasta experi\u00eancia no universo online, decidi canalizar meu conhecimento e minha curiosidade em um blog abrangente. Acredito que a internet \u00e9 uma ferramenta incr\u00edvel que pode nos conectar, informar e inspirar de maneiras inimagin\u00e1veis.","sameAs":["https:\/\/imaxima.com.br\/blog"],"url":"https:\/\/imaxima.com.br\/blog\/author\/webtudao\/"}]}},"_links":{"self":[{"href":"https:\/\/imaxima.com.br\/blog\/wp-json\/wp\/v2\/posts\/258","targetHints":{"allow":["GET"]}}],"collection":[{"href":"https:\/\/imaxima.com.br\/blog\/wp-json\/wp\/v2\/posts"}],"about":[{"href":"https:\/\/imaxima.com.br\/blog\/wp-json\/wp\/v2\/types\/post"}],"author":[{"embeddable":true,"href":"https:\/\/imaxima.com.br\/blog\/wp-json\/wp\/v2\/users\/1"}],"replies":[{"embeddable":true,"href":"https:\/\/imaxima.com.br\/blog\/wp-json\/wp\/v2\/comments?post=258"}],"version-history":[{"count":22,"href":"https:\/\/imaxima.com.br\/blog\/wp-json\/wp\/v2\/posts\/258\/revisions"}],"predecessor-version":[{"id":326,"href":"https:\/\/imaxima.com.br\/blog\/wp-json\/wp\/v2\/posts\/258\/revisions\/326"}],"wp:featuredmedia":[{"embeddable":true,"href":"https:\/\/imaxima.com.br\/blog\/wp-json\/wp\/v2\/media\/279"}],"wp:attachment":[{"href":"https:\/\/imaxima.com.br\/blog\/wp-json\/wp\/v2\/media?parent=258"}],"wp:term":[{"taxonomy":"category","embeddable":true,"href":"https:\/\/imaxima.com.br\/blog\/wp-json\/wp\/v2\/categories?post=258"},{"taxonomy":"post_tag","embeddable":true,"href":"https:\/\/imaxima.com.br\/blog\/wp-json\/wp\/v2\/tags?post=258"}],"curies":[{"name":"wp","href":"https:\/\/api.w.org\/{rel}","templated":true}]}}